{"id":85,"date":"2018-11-07T23:47:42","date_gmt":"2018-11-08T01:47:42","guid":{"rendered":"http:\/\/rgd.adv.br\/?p=85"},"modified":"2018-11-07T23:47:42","modified_gmt":"2018-11-08T01:47:42","slug":"contribuicao-de-15-sobre-pagamentos-valor-bruto-da-nota-fiscal-a-cooperativas-de-trabalho","status":"publish","type":"post","link":"https:\/\/rgd.adv.br\/index.php\/2018\/11\/07\/contribuicao-de-15-sobre-pagamentos-valor-bruto-da-nota-fiscal-a-cooperativas-de-trabalho\/","title":{"rendered":"Contribui\u00e7\u00e3o de 15% sobre pagamentos (valor bruto da nota fiscal) a cooperativas de trabalho"},"content":{"rendered":"<p>O Supremo Tribunal Federal, por unanimidade, no RE 595.838 (Repercuss\u00e3o Geral), declarou a inconstitucionalidade da contribui\u00e7\u00e3o social institu\u00edda pelo art. 22, IV da Lei n\u00ba 8.212\/91, exigida \u00e0 al\u00edquota de 15% sobre o valor bruto da nota fiscal ou fatura de presta\u00e7\u00e3o de servi\u00e7os, relativamente a servi\u00e7os prestados \u00e0s empresas por interm\u00e9dio de cooperativas de trabalho.<\/p>\n<p>Diante disso, \u00e9 vi\u00e1vel a propositura de medida judicial objetivando a repeti\u00e7\u00e3o dos valores recolhidos nos \u00faltimos cinco anos, bem assim para declarar a desnecessidade de recolhimento da aludida contribui\u00e7\u00e3o para o futuro.<\/p>\n<p>&nbsp;<\/p>\n<p>Fonte: STF<\/p>\n","protected":false},"excerpt":{"rendered":"<p>O Supremo Tribunal Federal, por unanimidade, no RE 595.838 (Repercuss\u00e3o Geral), declarou a inconstitucionalidade da contribui\u00e7\u00e3o social institu\u00edda pelo art. 22, IV da Lei n\u00ba 8.212\/91, exigida \u00e0 al\u00edquota de 15% sobre o valor bruto da nota fiscal ou fatura de presta\u00e7\u00e3o de servi\u00e7os, relativamente a servi\u00e7os prestados \u00e0s empresas por interm\u00e9dio de cooperativas de<a class=\"read-more\" href=\"https:\/\/rgd.adv.br\/index.php\/2018\/11\/07\/contribuicao-de-15-sobre-pagamentos-valor-bruto-da-nota-fiscal-a-cooperativas-de-trabalho\/\"><br \/>-> Continue reading<span class=\"screen-reader-text\">  Contribui\u00e7\u00e3o de 15% sobre pagamentos (valor bruto da nota fiscal) a cooperativas de trabalho<\/span><\/a><\/p>\n","protected":false},"author":1,"featured_media":83,"comment_status":"closed","ping_status":"closed","sticky":false,"template":"","format":"standard","meta":{"footnotes":""},"categories":[1],"tags":[],"_links":{"self":[{"href":"https:\/\/rgd.adv.br\/index.php\/wp-json\/wp\/v2\/posts\/85"}],"collection":[{"href":"https:\/\/rgd.adv.br\/index.php\/wp-json\/wp\/v2\/posts"}],"about":[{"href":"https:\/\/rgd.adv.br\/index.php\/wp-json\/wp\/v2\/types\/post"}],"author":[{"embeddable":true,"href":"https:\/\/rgd.adv.br\/index.php\/wp-json\/wp\/v2\/users\/1"}],"replies":[{"embeddable":true,"href":"https:\/\/rgd.adv.br\/index.php\/wp-json\/wp\/v2\/comments?post=85"}],"version-history":[{"count":1,"href":"https:\/\/rgd.adv.br\/index.php\/wp-json\/wp\/v2\/posts\/85\/revisions"}],"predecessor-version":[{"id":86,"href":"https:\/\/rgd.adv.br\/index.php\/wp-json\/wp\/v2\/posts\/85\/revisions\/86"}],"wp:featuredmedia":[{"embeddable":true,"href":"https:\/\/rgd.adv.br\/index.php\/wp-json\/wp\/v2\/media\/83"}],"wp:attachment":[{"href":"https:\/\/rgd.adv.br\/index.php\/wp-json\/wp\/v2\/media?parent=85"}],"wp:term":[{"taxonomy":"category","embeddable":true,"href":"https:\/\/rgd.adv.br\/index.php\/wp-json\/wp\/v2\/categories?post=85"},{"taxonomy":"post_tag","embeddable":true,"href":"https:\/\/rgd.adv.br\/index.php\/wp-json\/wp\/v2\/tags?post=85"}],"curies":[{"name":"wp","href":"https:\/\/api.w.org\/{rel}","templated":true}]}}