{"id":79,"date":"2018-11-07T23:44:59","date_gmt":"2018-11-08T01:44:59","guid":{"rendered":"http:\/\/rgd.adv.br\/?p=79"},"modified":"2018-11-07T23:44:59","modified_gmt":"2018-11-08T01:44:59","slug":"inss-verbas-sem-natureza-salarial","status":"publish","type":"post","link":"https:\/\/rgd.adv.br\/index.php\/2018\/11\/07\/inss-verbas-sem-natureza-salarial\/","title":{"rendered":"INSS \u2013 verbas sem natureza salarial"},"content":{"rendered":"<p>A contribui\u00e7\u00e3o previdenci\u00e1ria incide sobre a \u201cfolha de sal\u00e1rios e demais rendimentos do trabalho\u201d (art. 195, I, \u201ca\u201d da Constitui\u00e7\u00e3o\u201d). Os Tribunais, todavia, t\u00eam afastado a exig\u00eancia relativamente a verbas que s\u00e3o desvinculadas da remunera\u00e7\u00e3o, isto \u00e9, n\u00e3o correspondem \u00e0 contrapresta\u00e7\u00e3o do trabalho realizado pelo empregado. Isto se aplica, tamb\u00e9m, \u00e0s verbas pagas esporadicamente e que n\u00e3o configuram sal\u00e1rio (gratifica\u00e7\u00f5es especiais, pr\u00eamios etc.).<\/p>\n<p>\u00c9 preciso verificar, assim, a natureza de verba e sua subsun\u00e7\u00e3o ao conceito de remunera\u00e7\u00e3o ou equivalente, para fins de verifica\u00e7\u00e3o quanto \u00e0 incid\u00eancia da contribui\u00e7\u00e3o.<\/p>\n<p>No \u00e2mbito da jurisprud\u00eancia, o Superior Tribunal de Justi\u00e7a, relativamente \u00e0s verbas mais comuns, tem afastado a exig\u00eancia quanto ao ter\u00e7o constitucional de f\u00e9rias, aos 15 primeiros dias do aux\u00edlio-doen\u00e7a\/acidente e ao aviso pr\u00e9vio indenizado, enquanto tem rejeitado a tese em rela\u00e7\u00e3o ao sal\u00e1rio-maternidade e horas extras (observando-se, quanto a estas duas verbas, que o tema est\u00e1 pendente de decis\u00e3o no Supremo Tribunal Federal em casos com \u201crepercuss\u00e3o geral\u201d reconhecida). H\u00e1 algumas verbas \u2013 f\u00e9rias, por exemplo \u2013 cuja jurisprud\u00eancia ainda est\u00e1 indefinida.<\/p>\n<p>Fonte: DSA Advogados<\/p>\n","protected":false},"excerpt":{"rendered":"<p>A contribui\u00e7\u00e3o previdenci\u00e1ria incide sobre a \u201cfolha de sal\u00e1rios e demais rendimentos do trabalho\u201d (art. 195, I, \u201ca\u201d da Constitui\u00e7\u00e3o\u201d). Os Tribunais, todavia, t\u00eam afastado a exig\u00eancia relativamente a verbas que s\u00e3o desvinculadas da remunera\u00e7\u00e3o, isto \u00e9, n\u00e3o correspondem \u00e0 contrapresta\u00e7\u00e3o do trabalho realizado pelo empregado. Isto se aplica, tamb\u00e9m, \u00e0s verbas pagas esporadicamente e<a class=\"read-more\" href=\"https:\/\/rgd.adv.br\/index.php\/2018\/11\/07\/inss-verbas-sem-natureza-salarial\/\"><br \/>-> Continue reading<span class=\"screen-reader-text\">  INSS \u2013 verbas sem natureza salarial<\/span><\/a><\/p>\n","protected":false},"author":1,"featured_media":80,"comment_status":"closed","ping_status":"closed","sticky":false,"template":"","format":"standard","meta":{"footnotes":""},"categories":[1],"tags":[],"_links":{"self":[{"href":"https:\/\/rgd.adv.br\/index.php\/wp-json\/wp\/v2\/posts\/79"}],"collection":[{"href":"https:\/\/rgd.adv.br\/index.php\/wp-json\/wp\/v2\/posts"}],"about":[{"href":"https:\/\/rgd.adv.br\/index.php\/wp-json\/wp\/v2\/types\/post"}],"author":[{"embeddable":true,"href":"https:\/\/rgd.adv.br\/index.php\/wp-json\/wp\/v2\/users\/1"}],"replies":[{"embeddable":true,"href":"https:\/\/rgd.adv.br\/index.php\/wp-json\/wp\/v2\/comments?post=79"}],"version-history":[{"count":1,"href":"https:\/\/rgd.adv.br\/index.php\/wp-json\/wp\/v2\/posts\/79\/revisions"}],"predecessor-version":[{"id":81,"href":"https:\/\/rgd.adv.br\/index.php\/wp-json\/wp\/v2\/posts\/79\/revisions\/81"}],"wp:featuredmedia":[{"embeddable":true,"href":"https:\/\/rgd.adv.br\/index.php\/wp-json\/wp\/v2\/media\/80"}],"wp:attachment":[{"href":"https:\/\/rgd.adv.br\/index.php\/wp-json\/wp\/v2\/media?parent=79"}],"wp:term":[{"taxonomy":"category","embeddable":true,"href":"https:\/\/rgd.adv.br\/index.php\/wp-json\/wp\/v2\/categories?post=79"},{"taxonomy":"post_tag","embeddable":true,"href":"https:\/\/rgd.adv.br\/index.php\/wp-json\/wp\/v2\/tags?post=79"}],"curies":[{"name":"wp","href":"https:\/\/api.w.org\/{rel}","templated":true}]}}